{"id":3310,"date":"2019-12-04T14:11:14","date_gmt":"2019-12-04T12:11:14","guid":{"rendered":"http:\/\/test.peoplefirst.hu\/blog-post\/hua-fogyatekossag-isten-buntetese\/"},"modified":"2019-12-04T14:11:14","modified_gmt":"2019-12-04T14:11:14","slug":"hua-fogyatekossag-isten-buntetese","status":"publish","type":"blog_post","link":"https:\/\/peoplefirst.hu\/en\/blog-post\/hua-fogyatekossag-isten-buntetese\/","title":{"rendered":"[:hu]A fogyat\u00e9koss\u00e1g Isten b\u00fcntet\u00e9se?!"},"content":{"rendered":"<p>Sorry, the blog writings are only available in Hungarian.<\/p>\n","protected":false},"excerpt":{"rendered":"<p>&#8220;Nem \u0151 v\u00e9tkezett, nem is a sz\u00fclei, hanem az\u00e9rt van ez \u00edgy, hogy nyilv\u00e1nval\u00f3v\u00e1 legyenek rajta Isten cselekedetei.&#8221; (J\u00e1nos.9\/4):<\/p>\n","protected":false},"author":7,"featured_media":0,"comment_status":"open","ping_status":"closed","template":"","tags":[],"blog-category":[],"aioseo_notices":[],"_links":{"self":[{"href":"https:\/\/peoplefirst.hu\/en\/wp-json\/wp\/v2\/blog_post\/3310"}],"collection":[{"href":"https:\/\/peoplefirst.hu\/en\/wp-json\/wp\/v2\/blog_post"}],"about":[{"href":"https:\/\/peoplefirst.hu\/en\/wp-json\/wp\/v2\/types\/blog_post"}],"author":[{"embeddable":true,"href":"https:\/\/peoplefirst.hu\/en\/wp-json\/wp\/v2\/users\/7"}],"replies":[{"embeddable":true,"href":"https:\/\/peoplefirst.hu\/en\/wp-json\/wp\/v2\/comments?post=3310"}],"wp:attachment":[{"href":"https:\/\/peoplefirst.hu\/en\/wp-json\/wp\/v2\/media?parent=3310"}],"wp:term":[{"taxonomy":"post_tag","embeddable":true,"href":"https:\/\/peoplefirst.hu\/en\/wp-json\/wp\/v2\/tags?post=3310"},{"taxonomy":"blog-category","embeddable":true,"href":"https:\/\/peoplefirst.hu\/en\/wp-json\/wp\/v2\/blog-category?post=3310"}],"curies":[{"name":"wp","href":"https:\/\/api.w.org\/{rel}","templated":true}]}}