{"id":3315,"date":"2020-04-01T13:56:35","date_gmt":"2020-04-01T11:56:35","guid":{"rendered":"http:\/\/test.peoplefirst.hu\/blog-post\/huhelyzetjelentes-a-koronavirus-karantenbol\/"},"modified":"2020-04-01T13:56:35","modified_gmt":"2020-04-01T13:56:35","slug":"huhelyzetjelentes-a-koronavirus-karantenbol","status":"publish","type":"blog_post","link":"https:\/\/peoplefirst.hu\/en\/blog-post\/huhelyzetjelentes-a-koronavirus-karantenbol\/","title":{"rendered":"[:hu]Helyzetjelent\u00e9s a koronav\u00edrus karant\u00e9nb\u00f3l"},"content":{"rendered":"<p>sorry, the blog menu is only available in Hungarian<\/p>\n","protected":false},"excerpt":{"rendered":"<p>H\u00e1t kedveseim az a helyzet, hogy ma k\u00e9t hete lett\u00fcnk elz\u00e1rva. Az id\u0151 elkezdett \u00f3loml\u00e1bakon v\u00e1nszorogni.:<\/p>\n","protected":false},"author":4,"featured_media":0,"comment_status":"open","ping_status":"closed","template":"","tags":[],"blog-category":[],"aioseo_notices":[],"_links":{"self":[{"href":"https:\/\/peoplefirst.hu\/en\/wp-json\/wp\/v2\/blog_post\/3315"}],"collection":[{"href":"https:\/\/peoplefirst.hu\/en\/wp-json\/wp\/v2\/blog_post"}],"about":[{"href":"https:\/\/peoplefirst.hu\/en\/wp-json\/wp\/v2\/types\/blog_post"}],"author":[{"embeddable":true,"href":"https:\/\/peoplefirst.hu\/en\/wp-json\/wp\/v2\/users\/4"}],"replies":[{"embeddable":true,"href":"https:\/\/peoplefirst.hu\/en\/wp-json\/wp\/v2\/comments?post=3315"}],"wp:attachment":[{"href":"https:\/\/peoplefirst.hu\/en\/wp-json\/wp\/v2\/media?parent=3315"}],"wp:term":[{"taxonomy":"post_tag","embeddable":true,"href":"https:\/\/peoplefirst.hu\/en\/wp-json\/wp\/v2\/tags?post=3315"},{"taxonomy":"blog-category","embeddable":true,"href":"https:\/\/peoplefirst.hu\/en\/wp-json\/wp\/v2\/blog-category?post=3315"}],"curies":[{"name":"wp","href":"https:\/\/api.w.org\/{rel}","templated":true}]}}