{"id":3316,"date":"2020-05-12T15:25:45","date_gmt":"2020-05-12T13:25:45","guid":{"rendered":"http:\/\/test.peoplefirst.hu\/blog-post\/hukemeny-gyuras-mozgasserultkent-kifogas-helyett-trx\/"},"modified":"2020-05-12T15:25:45","modified_gmt":"2020-05-12T13:25:45","slug":"hukemeny-gyuras-mozgasserultkent-kifogas-helyett-trx","status":"publish","type":"blog_post","link":"https:\/\/peoplefirst.hu\/en\/blog-post\/hukemeny-gyuras-mozgasserultkent-kifogas-helyett-trx\/","title":{"rendered":"[:hu]Kem\u00e9ny gy\u00far\u00e1s mozg\u00e1ss\u00e9r\u00fcltk\u00e9nt &#8211; kifog\u00e1s helyett TRX"},"content":{"rendered":"<p>sorry, the blog menu is only available in Hungarian<\/p>\n","protected":false},"excerpt":{"rendered":"<p>Mozg\u00e1ss\u00e9r\u00fclts\u00e9gem ellen\u00e9re minden alkalmat megragadok, ami mozg\u00e1s. Nem kifog\u00e1s kell, hanem mozg\u00e1s!<\/p>\n","protected":false},"author":8,"featured_media":0,"comment_status":"open","ping_status":"closed","template":"","tags":[],"blog-category":[],"aioseo_notices":[],"_links":{"self":[{"href":"https:\/\/peoplefirst.hu\/en\/wp-json\/wp\/v2\/blog_post\/3316"}],"collection":[{"href":"https:\/\/peoplefirst.hu\/en\/wp-json\/wp\/v2\/blog_post"}],"about":[{"href":"https:\/\/peoplefirst.hu\/en\/wp-json\/wp\/v2\/types\/blog_post"}],"author":[{"embeddable":true,"href":"https:\/\/peoplefirst.hu\/en\/wp-json\/wp\/v2\/users\/8"}],"replies":[{"embeddable":true,"href":"https:\/\/peoplefirst.hu\/en\/wp-json\/wp\/v2\/comments?post=3316"}],"wp:attachment":[{"href":"https:\/\/peoplefirst.hu\/en\/wp-json\/wp\/v2\/media?parent=3316"}],"wp:term":[{"taxonomy":"post_tag","embeddable":true,"href":"https:\/\/peoplefirst.hu\/en\/wp-json\/wp\/v2\/tags?post=3316"},{"taxonomy":"blog-category","embeddable":true,"href":"https:\/\/peoplefirst.hu\/en\/wp-json\/wp\/v2\/blog-category?post=3316"}],"curies":[{"name":"wp","href":"https:\/\/api.w.org\/{rel}","templated":true}]}}