{"id":3241,"date":"2018-12-08T08:35:23","date_gmt":"2018-12-08T06:35:23","guid":{"rendered":"http:\/\/test.peoplefirst.hu\/news\/great-year-end-general-assembly\/"},"modified":"2023-10-23T17:57:46","modified_gmt":"2023-10-23T15:57:46","slug":"great-year-end-general-assembly","status":"publish","type":"news","link":"https:\/\/peoplefirst.hu\/en\/news\/great-year-end-general-assembly\/","title":{"rendered":"Great year-end general assembly"},"content":{"rendered":"<p>We held a great and cosy open year-end general assembly yesterday in Speck\u00f3 &#8211; thanks for our member Pint\u00e9r Csaba. We talked about how much did we do this year and a future task.<\/p>\n<p>Yes, a lot of things we did this year: the association transformed, we take part in national and international projects\/campaigns, won an application, made contract with two high schools about the students community service, we have logo and website, participated in writing of the\u00a0local Equal Opportunities Program 2018-2023, we had a serious role\u00a0 of the organising the II. Barrier-free Tourism Day, we have new Hungarian and international partnerships, our members are open, active and more and more professional!<\/p>\n<p>Special thanks to our outside enthusiasts for participating in the general assembly and welcome our new members!<\/p>\n<p><img decoding=\"async\" loading=\"lazy\" class=\"alignnone size-medium wp-image-177\" src=\"http:\/\/peoplefirst.hu\/wp-content\/uploads\/2018\/12\/K\u00f6zgy\u0171l\u00e9s-2018.12.07.-4-300x225.jpg\" alt=\"\" width=\"300\" height=\"225\" srcset=\"https:\/\/peoplefirst.hu\/wp-content\/uploads\/2018\/12\/K\u00f6zgy\u0171l\u00e9s-2018.12.07.-4-300x225.jpg 300w, https:\/\/peoplefirst.hu\/wp-content\/uploads\/2018\/12\/K\u00f6zgy\u0171l\u00e9s-2018.12.07.-4-768x576.jpg 768w, https:\/\/peoplefirst.hu\/wp-content\/uploads\/2018\/12\/K\u00f6zgy\u0171l\u00e9s-2018.12.07.-4.jpg 960w\" sizes=\"(max-width: 300px) 100vw, 300px\" \/> <img decoding=\"async\" loading=\"lazy\" class=\"alignnone size-medium wp-image-178\" src=\"http:\/\/peoplefirst.hu\/wp-content\/uploads\/2018\/12\/K\u00f6zgy\u0171l\u00e9s-2018.12.07.-6-300x225.jpg\" alt=\"\" width=\"300\" height=\"225\" srcset=\"https:\/\/peoplefirst.hu\/wp-content\/uploads\/2018\/12\/K\u00f6zgy\u0171l\u00e9s-2018.12.07.-6-300x225.jpg 300w, https:\/\/peoplefirst.hu\/wp-content\/uploads\/2018\/12\/K\u00f6zgy\u0171l\u00e9s-2018.12.07.-6-768x576.jpg 768w, https:\/\/peoplefirst.hu\/wp-content\/uploads\/2018\/12\/K\u00f6zgy\u0171l\u00e9s-2018.12.07.-6.jpg 960w\" sizes=\"(max-width: 300px) 100vw, 300px\" \/> <img decoding=\"async\" loading=\"lazy\" class=\"alignnone size-medium wp-image-179\" src=\"http:\/\/peoplefirst.hu\/wp-content\/uploads\/2018\/12\/K\u00f6zgy\u0171l\u00e9s-2018.12.07.-8-300x225.jpg\" alt=\"\" width=\"300\" height=\"225\" srcset=\"https:\/\/peoplefirst.hu\/wp-content\/uploads\/2018\/12\/K\u00f6zgy\u0171l\u00e9s-2018.12.07.-8-300x225.jpg 300w, https:\/\/peoplefirst.hu\/wp-content\/uploads\/2018\/12\/K\u00f6zgy\u0171l\u00e9s-2018.12.07.-8-768x576.jpg 768w, https:\/\/peoplefirst.hu\/wp-content\/uploads\/2018\/12\/K\u00f6zgy\u0171l\u00e9s-2018.12.07.-8.jpg 960w\" sizes=\"(max-width: 300px) 100vw, 300px\" \/> <img decoding=\"async\" loading=\"lazy\" class=\"alignnone size-medium wp-image-176\" src=\"http:\/\/peoplefirst.hu\/wp-content\/uploads\/2018\/12\/K\u00f6zgy\u0171l\u00e9s-2018.-12.07.-3-300x300.jpg\" alt=\"\" width=\"300\" height=\"300\" srcset=\"https:\/\/peoplefirst.hu\/wp-content\/uploads\/2018\/12\/K\u00f6zgy\u0171l\u00e9s-2018.-12.07.-3-300x300.jpg 300w, https:\/\/peoplefirst.hu\/wp-content\/uploads\/2018\/12\/K\u00f6zgy\u0171l\u00e9s-2018.-12.07.-3-150x150.jpg 150w, https:\/\/peoplefirst.hu\/wp-content\/uploads\/2018\/12\/K\u00f6zgy\u0171l\u00e9s-2018.-12.07.-3-768x768.jpg 768w, https:\/\/peoplefirst.hu\/wp-content\/uploads\/2018\/12\/K\u00f6zgy\u0171l\u00e9s-2018.-12.07.-3.jpg 960w\" sizes=\"(max-width: 300px) 100vw, 300px\" \/><\/p>\n","protected":false},"excerpt":{"rendered":"<p>We held a great open year-end general assembly on 07.12.2018 in Speck\u00f3. We talked about how much did we do this year and a future task.<br \/>\nYes, a lot of things we did this year: <\/p>\n","protected":false},"author":3,"featured_media":0,"comment_status":"open","ping_status":"closed","template":"","tags":[],"news-category":[4],"aioseo_notices":[],"_links":{"self":[{"href":"https:\/\/peoplefirst.hu\/en\/wp-json\/wp\/v2\/news\/3241"}],"collection":[{"href":"https:\/\/peoplefirst.hu\/en\/wp-json\/wp\/v2\/news"}],"about":[{"href":"https:\/\/peoplefirst.hu\/en\/wp-json\/wp\/v2\/types\/news"}],"author":[{"embeddable":true,"href":"https:\/\/peoplefirst.hu\/en\/wp-json\/wp\/v2\/users\/3"}],"replies":[{"embeddable":true,"href":"https:\/\/peoplefirst.hu\/en\/wp-json\/wp\/v2\/comments?post=3241"}],"version-history":[{"count":1,"href":"https:\/\/peoplefirst.hu\/en\/wp-json\/wp\/v2\/news\/3241\/revisions"}],"predecessor-version":[{"id":5071,"href":"https:\/\/peoplefirst.hu\/en\/wp-json\/wp\/v2\/news\/3241\/revisions\/5071"}],"wp:attachment":[{"href":"https:\/\/peoplefirst.hu\/en\/wp-json\/wp\/v2\/media?parent=3241"}],"wp:term":[{"taxonomy":"post_tag","embeddable":true,"href":"https:\/\/peoplefirst.hu\/en\/wp-json\/wp\/v2\/tags?post=3241"},{"taxonomy":"news-category","embeddable":true,"href":"https:\/\/peoplefirst.hu\/en\/wp-json\/wp\/v2\/news-category?post=3241"}],"curies":[{"name":"wp","href":"https:\/\/api.w.org\/{rel}","templated":true}]}}