{"id":3245,"date":"2018-12-29T17:32:44","date_gmt":"2018-12-29T15:32:44","guid":{"rendered":"http:\/\/test.peoplefirst.hu\/news\/conference-about-personal-assistance-in-hungary\/"},"modified":"2023-10-23T17:57:46","modified_gmt":"2023-10-23T15:57:46","slug":"conference-about-personal-assistance-in-hungary","status":"publish","type":"news","link":"https:\/\/peoplefirst.hu\/en\/news\/conference-about-personal-assistance-in-hungary\/","title":{"rendered":"Conference about Personal Assistance in Hungary"},"content":{"rendered":"<p>Article on the site of\u00a0\u00a0<a class=\"profileLink\" href=\"https:\/\/www.facebook.com\/ENILsecretaria\/?__tn__=K-R&amp;eid=ARBzpeM3HFs2syWSAAqEfZM9UI0i5sOpbM2ZNY_2GbXxMwqKkfGh1GumRxwgrlvE4ISA7Nvgfy5lsinD&amp;fref=mentions&amp;__xts__%5B0%5D=68.ARA06UwhJWfeuSgK3Jv7B21TRTFGrwrHEjoL7QBxRg0jfnBsRKn7PJNeLslIChD4zPZCUTzLsj-Zr0xqFtlDUMSflAqYYGaAKS3qvNjPzLYKyONtSJ1gmJVHRKkIhyO45y7Aqn6CQlLcL9SxNQT8yoQm8VIC5_LGMMncaktI1cbt5IOH_XP2A8RgTC0toMxYe5aFlEzFuGUzRvwwUPYDmyDO3u0BKdpfx6CwDYqTRkbr45Spb8q8BqyprDMxY_4sn7-xtE4wMAMeqIJoVOae7Xy7dIFO5uj2ifKgX-VZFPT4vBu__Tn9nDbVbIbpltPXUtf4-ohEEfm0Xc7IbkA8rck\" data-hovercard=\"\/ajax\/hovercard\/page.php?id=160586904072514&amp;extragetparams=%7B%22__tn__%22%3A%22%2CdK-R-R%22%2C%22eid%22%3A%22ARBzpeM3HFs2syWSAAqEfZM9UI0i5sOpbM2ZNY_2GbXxMwqKkfGh1GumRxwgrlvE4ISA7Nvgfy5lsinD%22%2C%22fref%22%3A%22mentions%22%7D\" data-hovercard-prefer-more-content-show=\"1\">European Network on Independent Living &#8211; ENIL<\/a>:<\/p>\n<h1 class=\"main-title\">Let\u2019s Talk About Personal Assistance<\/h1>\n<div class=\"post-text\">\n<p><em>How to set up the system of Personal Assistance in Hungary for persons with disabilities<\/em><\/p>\n<\/div>\n<p><img decoding=\"async\" loading=\"lazy\" class=\"alignnone wp-image-197\" src=\"http:\/\/peoplefirst.hu\/wp-content\/uploads\/2018\/12\/szemelyi_segites_konferencia-foto-300x175.jpg\" alt=\"\" width=\"353\" height=\"206\" srcset=\"https:\/\/peoplefirst.hu\/wp-content\/uploads\/2018\/12\/szemelyi_segites_konferencia-foto-300x175.jpg 300w, https:\/\/peoplefirst.hu\/wp-content\/uploads\/2018\/12\/szemelyi_segites_konferencia-foto-768x449.jpg 768w, https:\/\/peoplefirst.hu\/wp-content\/uploads\/2018\/12\/szemelyi_segites_konferencia-foto.jpg 770w\" sizes=\"(max-width: 353px) 100vw, 353px\" \/><\/p>\n<p>In the Hungarian disability movement, great work was done by many disabled persons and their allies, for example Gy\u00f6rgy K\u00f6nczei, P\u00e1l Gad\u00f3, G\u00e1bor Zalabai, L\u00e1szl\u00f3 Hajdi (ZALABAI P-N\u00c9 1997). Hungarian IL Centers (\u00d6\u00c9K) were organized in the \u201890s with the aim to support persons with severe disabilities and to offer counselling to professionals (ZALABAI P-N\u00c9 2009). Magdolna Jelli, a disabled activist herself, was the president of the\u00a0<em>Disabled Peoples\u2019 Independent Life Association (\u00d6N\u00c9)<\/em>. Some of the services she introduced back then, such as the\u00a0<em>Ferryman Service<\/em>, which is a peer support group, still work (JELLI M. and HEGYES F. \u00c9.N.;\u00a0<a href=\"https:\/\/onalloelet.hu\/\" target=\"_blank\" rel=\"noopener\">https:\/\/onalloelet.hu\/<\/a>), but until today, personal assistance (PA) could not be established in a systematic way.<\/p>\n<p>On the 13th November 2018 the\u00a0<a href=\"https:\/\/barczi.elte.hu\/en\/content\/sixth-disability-studies-conference.e.190\" target=\"_blank\" rel=\"noopener\">Sixth Disability Studies Conference<\/a>\u00a0was held in Budapest. The conference was organized by the ELTE University\u2019s B\u00e1rczi Guszt\u00e1v Faculty of Special Needs Education. We invited Tom Shakespeare as a keynote speaker, who summarized the conclusions of a research project about PA relationships in the UK. His lecture was followed by a panel discussion about the possibilities of introducing PA services in Hungary. Our reason to choose this topic was, that although our state has ratified the UN CRPD in 2007, there are still only a few active PA users in Hungary, who need to finance their assistance completely from their private resources.<\/p>\n<p>As a next step, to better understand the background of the possibilities and difficulties of PA, we invited disabled persons, allies and potential personal assistants to talk about their experiences. As some of the few Hungarian PA users, Zsuzsa Antal, K\u00e1roly T\u00f3th and D\u00e1niel Cs\u00e1ng\u00f3 shared their personal knowledge about the everyday practice of PA. All three speakers are activists and participatory teachers at the ELTE University, working on the social inclusion of persons with disabilities on different levels.<\/p>\n<p>Our goal is to continue the establishment of the Hungarian network of user led PA services by collecting and sharing information and experience regarding PA, to support and disseminate the conclusions of participatory researches on connected issues and to generate discourse in the Hungarian judicial and social context. We aim to generate an empowered local forum which connects international knowledge regarding PA systems with the Hungarian framework to successfully constitute accessible PA services.<\/p>\n<p>JELLI M. and HEGYES F. Disabled Peoples\u2019 Independent Life Association, Budapest, Hungary [<a href=\"https:\/\/www.independentliving.org\/docs6\/jelli-ferenc.html\" target=\"_blank\" rel=\"noopener\">on-line<\/a>\u00a0\u2013 accessed: 01.11.2018]<\/p>\n<p>ZALABAI P-N\u00c9 (1997). \u00d6n\u00e1ll\u00f3 \u00e9letvitel \u00e9s szem\u00e9lyi seg\u00edt\u00e9s (English: Independent Living and Personal Assistance) [<a href=\"http:\/\/www.esely.org\/kiadvanyok\/1997_5\/onallo_eletvitel.pdf\" target=\"_blank\" rel=\"noopener\">on-line<\/a>\u00a0\u2013 accessed: 01.11.2018]. Es\u00e9ly, Vol. 8., No. 5. pp. 56-70.<\/p>\n<p>ZALABAI P-N\u00c9 (2009). \u00d6n\u00e1ll\u00f3 \u00e9letvitelt seg\u00edt\u0151 eszk\u00f6z\u00f6k, munkahelyi akad\u00e1lymentes\u00edt\u00e9s \u00e9s munkaeszk\u00f6z\u00f6k adapt\u00e1ci\u00f3ja. Jegyzet (English: Tools for Independent Living, Workplace Accessibility and Adaption of Work Equipment) [<a href=\"http:\/\/www.etikk.hu\/wp-content\/uploads\/2013\/05\/munkahely-zalabai.pdf\" target=\"_blank\" rel=\"noopener\">on-line<\/a>\u00a0\u2013 accessed: 01.11.2018]. ELTE BGGYK, Budapest.<\/p>\n<p>Anik\u00f3 S\u00e1ndor, D\u00e1niel Cs\u00e1ng\u00f3, K\u00e1roly T\u00f3th, Zsuzsanna Antal, Zsuzsanna Kunt<\/p>\n<p>Activists and allies, ELTE University<\/p>\n","protected":false},"excerpt":{"rendered":"<p>&#8220;Our goal is to continue the establishment of the Hungarian network of user led PA services by collecting and sharing information and experience regarding PA, to support and disseminate the conclusions of participatory researches on connected issues and to generate discourse in the Hungarian judicial and social context. We aim to generate an empowered local forum which connects international knowledge regarding PA systems with the Hungarian framework to successfully constitute accessible PA services.&#8221;<\/p>\n","protected":false},"author":3,"featured_media":0,"comment_status":"open","ping_status":"closed","template":"","tags":[],"news-category":[4],"aioseo_notices":[],"_links":{"self":[{"href":"https:\/\/peoplefirst.hu\/en\/wp-json\/wp\/v2\/news\/3245"}],"collection":[{"href":"https:\/\/peoplefirst.hu\/en\/wp-json\/wp\/v2\/news"}],"about":[{"href":"https:\/\/peoplefirst.hu\/en\/wp-json\/wp\/v2\/types\/news"}],"author":[{"embeddable":true,"href":"https:\/\/peoplefirst.hu\/en\/wp-json\/wp\/v2\/users\/3"}],"replies":[{"embeddable":true,"href":"https:\/\/peoplefirst.hu\/en\/wp-json\/wp\/v2\/comments?post=3245"}],"version-history":[{"count":1,"href":"https:\/\/peoplefirst.hu\/en\/wp-json\/wp\/v2\/news\/3245\/revisions"}],"predecessor-version":[{"id":5069,"href":"https:\/\/peoplefirst.hu\/en\/wp-json\/wp\/v2\/news\/3245\/revisions\/5069"}],"wp:attachment":[{"href":"https:\/\/peoplefirst.hu\/en\/wp-json\/wp\/v2\/media?parent=3245"}],"wp:term":[{"taxonomy":"post_tag","embeddable":true,"href":"https:\/\/peoplefirst.hu\/en\/wp-json\/wp\/v2\/tags?post=3245"},{"taxonomy":"news-category","embeddable":true,"href":"https:\/\/peoplefirst.hu\/en\/wp-json\/wp\/v2\/news-category?post=3245"}],"curies":[{"name":"wp","href":"https:\/\/api.w.org\/{rel}","templated":true}]}}