{"id":3249,"date":"2019-01-24T12:05:08","date_gmt":"2019-01-24T10:05:08","guid":{"rendered":"http:\/\/test.peoplefirst.hu\/news\/it-was-such-a-good-year-a-summary-of-2018\/"},"modified":"2023-10-23T18:05:14","modified_gmt":"2023-10-23T16:05:14","slug":"it-was-such-a-good-year-a-summary-of-2018","status":"publish","type":"news","link":"https:\/\/peoplefirst.hu\/en\/news\/it-was-such-a-good-year-a-summary-of-2018\/","title":{"rendered":"It was such a good year! A summary of 2018"},"content":{"rendered":"<p>14-17 April 2018. as a part of a program of Aktion Mensch Foundation <b>a<\/b> <b>German delegation from Erfurt arrived to<\/b> <b>us<\/b> for the preparation of the material for the Independent Living Center&#8217;s German-Hungarian tender. The group that mainly included disabled people was accommodated at Hotel Barbak\u00e1n. Our programs consisted of: visit the P\u00e9cs marketplace, listening to the presentation on the Barrier-free Tourism Day at Tekeres, participation at the Orf\u0171 Medvehagyma Festival, visit to the World Heritage Zsolnay Quarter where we listened to a presentation about making the site barrier-free. We also made a visit to the Malomv\u00f6lgy Social Home (several of our members live here) and the Cella Septichora Mausoleum another World Heritage monument in a wheelchair. The last day we held a workshop at the Center of Civil Societies about lifestyle possible for disabled people in Hungary. The lunch was provided by Bio Bia so the guests could try some good stuff. Finally we made a stop at Retextil where we had the chance to see a workplace employing a disabled community.<\/p>\n<p>1-5 May 2018. <b>it was our turn to make a visit to Germany<\/b> by a minivan. We attended different presentations of which one was about life, living and labor assistance in Germany at the Landesverband Th\u00fcringen Interessenvertretung Selbstbestimmt Leben (at the National Organization of the Th\u00fcringen Advocacy of Independent Life). Later we got to know the president and other responsibles of the Erfurt Disability Council through an informative talk. We also had the chance to be present at the reunion for the assistance of the disabled people at Caf\u00e9 B, where we participated in a workshop to discuss the main topics of the Aktion Mensch Project.<\/p>\n<p>Our general assembly held on the 7th and 18th of June last year were important milestones because <b>our whole Association got renewed<\/b>. We elected new presidency, we established new constitution, new plans and new opportunities. The former president Gerg\u0151 Berkes called out, the new board members Veronika Pataki as president, Roland Balogh vice-president and Istv\u00e1n Fazekas secretary, Right now could also greet 10 new joiners in our association.<\/p>\n<p><b>And later we got into the groove!:<\/b><\/p>\n<p>B\u00e1lint Lovescher designed a super logo for us and we opened up our bilingual website as a result of the expertise of Bal\u00e1zs Ol\u00e1h and R\u00f3bert Rauch. We keep up with an intensive and bilingual appearance both on Instagram and Facebook. Thanks to the help of our accountant and solicitor we straightened up our legal and financial affairs and started to build national and international relationships.<\/p>\n<p>Through our meetings we speeches, discussing our experiences and plans we tried to make community interaction and awareness as wide-spread as we could.<\/p>\n<p>September 2018. we actively took part in the organization of the <b>2<\/b><b>nd<\/b><b> Barrier-free Tourism Day. <\/b>As part of the organization board our responsibilities were volunteer registration and awareness, marketing, Facebook, press and the mobility of disabled people. One of our members, Csaba Pint\u00e9r operated the Speck\u00f3 special escape room during the programme.<\/p>\n<p>In October 2018. we got the honor to <b>participate in the description of P\u00e9cs city Local Equal Opportunities Program.<\/b> It was a great pleasure to work with a fantastic group in detailing chapter 7 (which deals with the situation of disabled people). The final goal however is to convert these professional plans into reality with the same team.<\/p>\n<p>We liked the idea of our members Alexa D\u00e9k\u00e1n and we started to brainstorm on a project: what would happen if we would mark with stickers on the entry the restaurants\/cafes\/shops in P\u00e9cs the barrier-free access and and maybe even barrier-free toilets? It\u2019s became a <b>tender submitted for the P\u00e9cs Community Foundation and we have been one of the 3 winners of 17<\/b>! The project is till end of August 2019, during this time we will stick the half world and we will put on the results the wheelmap.org international website too.<\/p>\n<p>Also in September 2018 we made a contract with Le\u0151wey Kl\u00e1ra High School, so <b>community service students can work with us<\/b>. We like the kids very much and they are very useful: they can help us with translations (English class), organization, they are animators of Speck\u00f3 sessions and can help in boccia trainings. Moreover apparently getting a better understanding of the disabilities world.<\/p>\n<p>From 1th of November 2018 <b>we participate in an international project<\/b>. As a partner of Green-Active Social Cooperative we did the preparation of the Peer-Act Erasmus+ K2 Project. Early 2019 two members of us will participate in a one week international training in Germany and \u00a0further 8 People Fist members will be trained in barrier-free tourism in P\u00e9cs. More about it here: <a href=\"http:\/\/peoplefirst.hu\/projects\/peer-act-erasmus-ka2-nemzetkozi-project\/\">http:\/\/peoplefirst.hu\/projects\/peer-act-erasmus-ka2-nemzetkozi-project\/<\/a><\/p>\n<p>Between 19.11.-03.12.2018. we have been involved in <b>an international campaign<\/b> from Germany. The campaign inKLOsiv called attention for barrier-free toilets. People First HU looked for P\u00e9cs locations as good example (I Love P\u00e9cs Caf\u00e9, Janus Business Center).<\/p>\n<p>In December we have been contacted by the Kod\u00e1ly Zolt\u00e1n High School to work with us. We are very lucky to involve more young people and can sensitize in the disabled topic.<\/p>\n<p>On 7. December we closed the year with a general assembly and we discussed the plans and had even new members.<\/p>\n<p><b>We will be even more active and consistent in 2019, however we keep it essential that the local organisations achieve goals \u00a0together in collaboration!<\/b><\/p>\n<p><img decoding=\"async\" loading=\"lazy\" class=\"alignnone wp-image-177\" src=\"http:\/\/peoplefirst.hu\/wp-content\/uploads\/2018\/12\/K\u00f6zgy\u0171l\u00e9s-2018.12.07.-4-300x225.jpg\" alt=\"\" width=\"320\" height=\"240\" srcset=\"https:\/\/peoplefirst.hu\/wp-content\/uploads\/2018\/12\/K\u00f6zgy\u0171l\u00e9s-2018.12.07.-4-300x225.jpg 300w, https:\/\/peoplefirst.hu\/wp-content\/uploads\/2018\/12\/K\u00f6zgy\u0171l\u00e9s-2018.12.07.-4-768x576.jpg 768w, https:\/\/peoplefirst.hu\/wp-content\/uploads\/2018\/12\/K\u00f6zgy\u0171l\u00e9s-2018.12.07.-4.jpg 960w\" sizes=\"(max-width: 320px) 100vw, 320px\" \/><\/p>\n","protected":false},"excerpt":{"rendered":"<p>It was a very intense year of 2018, that was  complete renewal, get on a new track, new connections and collaboration. We were tired, but it was worth it. Lets read what happened to us.<\/p>\n","protected":false},"author":3,"featured_media":0,"comment_status":"open","ping_status":"closed","template":"","tags":[],"news-category":[6],"aioseo_notices":[],"_links":{"self":[{"href":"https:\/\/peoplefirst.hu\/en\/wp-json\/wp\/v2\/news\/3249"}],"collection":[{"href":"https:\/\/peoplefirst.hu\/en\/wp-json\/wp\/v2\/news"}],"about":[{"href":"https:\/\/peoplefirst.hu\/en\/wp-json\/wp\/v2\/types\/news"}],"author":[{"embeddable":true,"href":"https:\/\/peoplefirst.hu\/en\/wp-json\/wp\/v2\/users\/3"}],"replies":[{"embeddable":true,"href":"https:\/\/peoplefirst.hu\/en\/wp-json\/wp\/v2\/comments?post=3249"}],"version-history":[{"count":1,"href":"https:\/\/peoplefirst.hu\/en\/wp-json\/wp\/v2\/news\/3249\/revisions"}],"predecessor-version":[{"id":4944,"href":"https:\/\/peoplefirst.hu\/en\/wp-json\/wp\/v2\/news\/3249\/revisions\/4944"}],"wp:attachment":[{"href":"https:\/\/peoplefirst.hu\/en\/wp-json\/wp\/v2\/media?parent=3249"}],"wp:term":[{"taxonomy":"post_tag","embeddable":true,"href":"https:\/\/peoplefirst.hu\/en\/wp-json\/wp\/v2\/tags?post=3249"},{"taxonomy":"news-category","embeddable":true,"href":"https:\/\/peoplefirst.hu\/en\/wp-json\/wp\/v2\/news-category?post=3249"}],"curies":[{"name":"wp","href":"https:\/\/api.w.org\/{rel}","templated":true}]}}