{"id":3255,"date":"2019-02-01T16:35:02","date_gmt":"2019-02-01T14:35:02","guid":{"rendered":"http:\/\/test.peoplefirst.hu\/news\/we-work-with-another-high-school-in-pecs\/"},"modified":"2023-10-23T17:57:45","modified_gmt":"2023-10-23T15:57:45","slug":"we-work-with-another-high-school-in-pecs","status":"publish","type":"news","link":"https:\/\/peoplefirst.hu\/en\/news\/we-work-with-another-high-school-in-pecs\/","title":{"rendered":"We work with another high school in P\u00e9cs!"},"content":{"rendered":"<p>We are very pleased to involve more high school students in the People First activities and the disabled world. This time, we signed a cooperation agreement with the Kod\u00e1ly Zolt\u00e1n High School P\u00e9cs, so they will work with us as community service. We can&#8217;t wait to start work with them.\u00a0 We hope they will enjoy it with us!<\/p>\n<p><img decoding=\"async\" loading=\"lazy\" class=\"alignnone size-medium wp-image-229\" src=\"http:\/\/peoplefirst.hu\/wp-content\/uploads\/2019\/02\/Kod\u00e1ly-gimi-meg\u00e1llapod\u00e1s-224x300.jpg\" alt=\"\" width=\"224\" height=\"300\" srcset=\"https:\/\/peoplefirst.hu\/wp-content\/uploads\/2019\/02\/Kod\u00e1ly-gimi-meg\u00e1llapod\u00e1s-224x300.jpg 224w, https:\/\/peoplefirst.hu\/wp-content\/uploads\/2019\/02\/Kod\u00e1ly-gimi-meg\u00e1llapod\u00e1s.jpg 718w\" sizes=\"(max-width: 224px) 100vw, 224px\" \/><\/p>\n","protected":false},"excerpt":{"rendered":"<p>We signed a cooperation agreement with the Kod\u00e1ly Zolt\u00e1n High School P\u00e9cs, so more high school  students will work with us as community service.<\/p>\n","protected":false},"author":3,"featured_media":0,"comment_status":"open","ping_status":"closed","template":"","tags":[],"news-category":[4],"aioseo_notices":[],"_links":{"self":[{"href":"https:\/\/peoplefirst.hu\/en\/wp-json\/wp\/v2\/news\/3255"}],"collection":[{"href":"https:\/\/peoplefirst.hu\/en\/wp-json\/wp\/v2\/news"}],"about":[{"href":"https:\/\/peoplefirst.hu\/en\/wp-json\/wp\/v2\/types\/news"}],"author":[{"embeddable":true,"href":"https:\/\/peoplefirst.hu\/en\/wp-json\/wp\/v2\/users\/3"}],"replies":[{"embeddable":true,"href":"https:\/\/peoplefirst.hu\/en\/wp-json\/wp\/v2\/comments?post=3255"}],"version-history":[{"count":1,"href":"https:\/\/peoplefirst.hu\/en\/wp-json\/wp\/v2\/news\/3255\/revisions"}],"predecessor-version":[{"id":5067,"href":"https:\/\/peoplefirst.hu\/en\/wp-json\/wp\/v2\/news\/3255\/revisions\/5067"}],"wp:attachment":[{"href":"https:\/\/peoplefirst.hu\/en\/wp-json\/wp\/v2\/media?parent=3255"}],"wp:term":[{"taxonomy":"post_tag","embeddable":true,"href":"https:\/\/peoplefirst.hu\/en\/wp-json\/wp\/v2\/tags?post=3255"},{"taxonomy":"news-category","embeddable":true,"href":"https:\/\/peoplefirst.hu\/en\/wp-json\/wp\/v2\/news-category?post=3255"}],"curies":[{"name":"wp","href":"https:\/\/api.w.org\/{rel}","templated":true}]}}