{"id":3329,"date":"2019-07-14T15:00:34","date_gmt":"2019-07-14T13:00:34","guid":{"rendered":"http:\/\/test.peoplefirst.hu\/news\/3th-barrier-free-tourism-day\/"},"modified":"2023-10-23T17:57:42","modified_gmt":"2023-10-23T15:57:42","slug":"3th-barrier-free-tourism-day","status":"publish","type":"news","link":"https:\/\/peoplefirst.hu\/en\/news\/3th-barrier-free-tourism-day\/","title":{"rendered":"3th Barrier-free Tourism Day"},"content":{"rendered":"<p>Driving a car as a vision impaired, motorcycle as a physically disabled, participate on sports-, and experience programs?<\/p>\n<p>Yes, this is what we offer this year on 7th September in the third times held Barrier-free Tourism Day in Orf\u0171 (near P\u00e9cs).<\/p>\n<p>All-day happy fest, events, market and besides opportunity to try activities that as disabled person you can\u2019t at all or difficult. You can have fun as disabled and able bodied, as adult and child, while you can discover that the our injured fellow are same people like you, how can we help each other and help is a good feeling.<\/p>\n<p>The event will be international this year. We will provide free lunch to the disabled people, assistants and volunteers, just as before.<\/p>\n<p>The event&#8217;s main organizers are: Gyeregyalog.hu Association, People First Association, Orf\u0171 Tourism Association.<\/p>\n<p>Follow us on the Facebook and we are looking for your comments on akadalymentes.turizmus.nap@gmail.com<\/p>\n<p><img decoding=\"async\" loading=\"lazy\" class=\"alignnone wp-image-428\" src=\"http:\/\/peoplefirst.hu\/wp-content\/uploads\/2019\/07\/bor\u00edt\u00f3k\u00e9pnek-300x225.jpg\" alt=\"\" width=\"396\" height=\"297\" srcset=\"https:\/\/peoplefirst.hu\/wp-content\/uploads\/2019\/07\/bor\u00edt\u00f3k\u00e9pnek-300x225.jpg 300w, https:\/\/peoplefirst.hu\/wp-content\/uploads\/2019\/07\/bor\u00edt\u00f3k\u00e9pnek-768x576.jpg 768w, https:\/\/peoplefirst.hu\/wp-content\/uploads\/2019\/07\/bor\u00edt\u00f3k\u00e9pnek.jpg 960w\" sizes=\"(max-width: 396px) 100vw, 396px\" \/><\/p>\n","protected":false},"excerpt":{"rendered":"<p>On 7th of September Barrier-free Tourism Day in Orf\u0171 again! Read the details!<\/p>\n","protected":false},"author":3,"featured_media":0,"comment_status":"open","ping_status":"closed","template":"","tags":[],"news-category":[4],"aioseo_notices":[],"_links":{"self":[{"href":"https:\/\/peoplefirst.hu\/en\/wp-json\/wp\/v2\/news\/3329"}],"collection":[{"href":"https:\/\/peoplefirst.hu\/en\/wp-json\/wp\/v2\/news"}],"about":[{"href":"https:\/\/peoplefirst.hu\/en\/wp-json\/wp\/v2\/types\/news"}],"author":[{"embeddable":true,"href":"https:\/\/peoplefirst.hu\/en\/wp-json\/wp\/v2\/users\/3"}],"replies":[{"embeddable":true,"href":"https:\/\/peoplefirst.hu\/en\/wp-json\/wp\/v2\/comments?post=3329"}],"version-history":[{"count":1,"href":"https:\/\/peoplefirst.hu\/en\/wp-json\/wp\/v2\/news\/3329\/revisions"}],"predecessor-version":[{"id":5049,"href":"https:\/\/peoplefirst.hu\/en\/wp-json\/wp\/v2\/news\/3329\/revisions\/5049"}],"wp:attachment":[{"href":"https:\/\/peoplefirst.hu\/en\/wp-json\/wp\/v2\/media?parent=3329"}],"wp:term":[{"taxonomy":"post_tag","embeddable":true,"href":"https:\/\/peoplefirst.hu\/en\/wp-json\/wp\/v2\/tags?post=3329"},{"taxonomy":"news-category","embeddable":true,"href":"https:\/\/peoplefirst.hu\/en\/wp-json\/wp\/v2\/news-category?post=3329"}],"curies":[{"name":"wp","href":"https:\/\/api.w.org\/{rel}","templated":true}]}}