{"id":3388,"date":"2020-06-01T12:32:18","date_gmt":"2020-06-01T10:32:18","guid":{"rendered":"http:\/\/test.peoplefirst.hu\/news\/started-organizing-the-iv-barrier-free-tourism-day\/"},"modified":"2023-10-23T17:57:39","modified_gmt":"2023-10-23T15:57:39","slug":"started-organizing-the-iv-barrier-free-tourism-day","status":"publish","type":"news","link":"https:\/\/peoplefirst.hu\/en\/news\/started-organizing-the-iv-barrier-free-tourism-day\/","title":{"rendered":"Started organizing the IV.Barrier-free Tourism Day!"},"content":{"rendered":"<p>The organising committee met on 29 of May 2020. and decided how to start organize again after the epidemic the IV. Barrier-free Tourism Day.<\/p>\n<p>We&#8217;re going to announce that we plan to have the big day on 5th of September!<\/p>\n<p>Our website will be launched in a few day and you will find all sorts of exciting info soon &#8211; in English too: https:\/\/akadalymentesnap.hu\/!<\/p>\n<p>We will also begin the preparations with our volunteers, and we will sensitise the tourist operators in Orf\u0171.<\/p>\n<p>Between 15-17 of June we will decide the detailed programme in a workshop with our partners with disabilities.<\/p>\n<p>Follow us diligently, we will often give you more and more news from now on. You can find the event&#8217;s Facebook page here:\u00a0https:\/\/www.facebook.com\/turizmus.akadalymentes\/<\/p>\n<p>Members of the organising committee from left to right: Tibor Gonda, Zita F\u00fczin\u00e9 Kajdy, Zsuzsa Szab\u00f3, Veronika Pataki, Evelin Alm\u00e1di,\u00a0sitting in front Gerg\u0151 Berkes,\u00a0messing with the camera Zolt\u00e1n Mur\u00e1nyi \ud83d\ude42<\/p>\n<p><a href=\"http:\/\/peoplefirst.hu\/wp-content\/uploads\/2020\/06\/szervez\u0151-bizotts\u00e1g-2020-m\u00e1jus.jpg\"><img decoding=\"async\" loading=\"lazy\" class=\"alignnone  wp-image-725\" src=\"http:\/\/peoplefirst.hu\/wp-content\/uploads\/2020\/06\/szervez\u0151-bizotts\u00e1g-2020-m\u00e1jus-150x150.jpg\" alt=\"\" width=\"241\" height=\"241\" \/><\/a><\/p>\n","protected":false},"excerpt":{"rendered":"<p>The organising committee met on 29 of May 2020. and decided how to start organize again after the epidemic the IV. Barrier-free Tourism Day.<br \/>\nWe&#8217;re going to announce that we plan to have the big day on 5th of September!<\/p>\n","protected":false},"author":3,"featured_media":0,"comment_status":"open","ping_status":"closed","template":"","tags":[],"news-category":[4],"aioseo_notices":[],"_links":{"self":[{"href":"https:\/\/peoplefirst.hu\/en\/wp-json\/wp\/v2\/news\/3388"}],"collection":[{"href":"https:\/\/peoplefirst.hu\/en\/wp-json\/wp\/v2\/news"}],"about":[{"href":"https:\/\/peoplefirst.hu\/en\/wp-json\/wp\/v2\/types\/news"}],"author":[{"embeddable":true,"href":"https:\/\/peoplefirst.hu\/en\/wp-json\/wp\/v2\/users\/3"}],"replies":[{"embeddable":true,"href":"https:\/\/peoplefirst.hu\/en\/wp-json\/wp\/v2\/comments?post=3388"}],"version-history":[{"count":1,"href":"https:\/\/peoplefirst.hu\/en\/wp-json\/wp\/v2\/news\/3388\/revisions"}],"predecessor-version":[{"id":5043,"href":"https:\/\/peoplefirst.hu\/en\/wp-json\/wp\/v2\/news\/3388\/revisions\/5043"}],"wp:attachment":[{"href":"https:\/\/peoplefirst.hu\/en\/wp-json\/wp\/v2\/media?parent=3388"}],"wp:term":[{"taxonomy":"post_tag","embeddable":true,"href":"https:\/\/peoplefirst.hu\/en\/wp-json\/wp\/v2\/tags?post=3388"},{"taxonomy":"news-category","embeddable":true,"href":"https:\/\/peoplefirst.hu\/en\/wp-json\/wp\/v2\/news-category?post=3388"}],"curies":[{"name":"wp","href":"https:\/\/api.w.org\/{rel}","templated":true}]}}